{"id":3409,"date":"2026-02-10T11:34:23","date_gmt":"2026-02-10T10:34:23","guid":{"rendered":"https:\/\/enaip.it\/?p=3409"},"modified":"2026-03-09T12:01:01","modified_gmt":"2026-03-09T11:01:01","slug":"mobile-workers-in-europe-a-barcellona-dal-18-al-20-febbraio-il-seminario-eza-su-diritti-tutele-e-rappresentanza-dei-lavoratori-in-mobilita","status":"publish","type":"post","link":"https:\/\/enaip.it\/?p=3409","title":{"rendered":"&#8220;Mobile Workers in Europe\u201d. A Barcellona, dal 18 al 20 febbraio, il seminario EZA su diritti, tutele e rappresentanza dei lavoratori in mobilit\u00e0"},"content":{"rendered":"\t\t<div data-elementor-type=\"wp-post\" data-elementor-id=\"3409\" class=\"elementor elementor-3409\" data-elementor-post-type=\"post\">\n\t\t\t\t<div class=\"elementor-element elementor-element-4b4898a e-flex e-con-boxed e-con e-parent\" data-id=\"4b4898a\" data-element_type=\"container\" data-e-type=\"container\">\n\t\t\t\t\t<div class=\"e-con-inner\">\n\t\t\t\t<div class=\"elementor-element elementor-element-1daa117 elementor-widget elementor-widget-image\" data-id=\"1daa117\" data-element_type=\"widget\" data-e-type=\"widget\" data-widget_type=\"image.default\">\n\t\t\t\t<div class=\"elementor-widget-container\">\n\t\t\t\t\t\t\t\t\t\t\t\t\t\t\t<img fetchpriority=\"high\" decoding=\"async\" width=\"1024\" height=\"576\" src=\"https:\/\/enaip.it\/wp-content\/uploads\/2026\/03\/EZA2026.webp\" class=\"attachment-large size-large wp-image-3419\" alt=\"\" srcset=\"https:\/\/enaip.it\/wp-content\/uploads\/2026\/03\/EZA2026.webp 1024w, https:\/\/enaip.it\/wp-content\/uploads\/2026\/03\/EZA2026-300x169.webp 300w, https:\/\/enaip.it\/wp-content\/uploads\/2026\/03\/EZA2026-768x432.webp 768w\" sizes=\"(max-width: 1024px) 100vw, 1024px\" \/>\t\t\t\t\t\t\t\t\t\t\t\t\t\t\t<\/div>\n\t\t\t\t<\/div>\n\t\t\t\t\t<\/div>\n\t\t\t\t<\/div>\n\t\t<div class=\"elementor-element elementor-element-3a51b68 e-flex e-con-boxed e-con e-parent\" data-id=\"3a51b68\" data-element_type=\"container\" data-e-type=\"container\">\n\t\t\t\t\t<div class=\"e-con-inner\">\n\t\t\t\t<div class=\"elementor-element elementor-element-3a80266 elementor-widget elementor-widget-text-editor\" data-id=\"3a80266\" data-element_type=\"widget\" data-e-type=\"widget\" data-widget_type=\"text-editor.default\">\n\t\t\t\t<div class=\"elementor-widget-container\">\n\t\t\t\t\t\t\t\t\t<p>Si rinnova anche per quest&#8217;anno, la partecipazione di ENAIP Nazionale alla preparazione e organizzazione del <b>seminario internazionale <a href=\"https:\/\/www.eza.org\/en\/\">EZA<\/a><\/b><a href=\"https:\/\/www.eza.org\/en\/\"> <\/a>con ACLI e FAI.&nbsp;<span style=\"font-size: 1rem;\">Quest&#8217;anno abbiamo scelto<\/span><span style=\"font-size: 1rem;\">&nbsp;<\/span><span style=\"font-size: 1rem; font-weight: bold;\">Barcellona<\/span><span style=\"font-size: 1rem;\">&nbsp;<\/span><span style=\"font-size: 1rem;\">una metropoli che da sempre \u00e8 crocevia di molteplici culture ed \u00e8 tra le citt\u00e0 della penisola iberica dove \u00e8 pi\u00f9 notevole e vivace la presenza dei nostri cittadini italiani. Il tema cruciale sono le <b>diaspore<\/b>. L&#8217;appuntamento \u00e8 dal <b>18 al 20 febbraio 2026<\/b>. Saranno t<\/span><span style=\"font-size: 1rem;\">re giornate di lavoro e confronto dedicate a una delle grandi questioni europee contemporanee: come garantire diritti, protezioni sociali e strumenti di rappresentanza a chi si sposta per lavorare dentro e fuori i confini nazionali.<\/span><\/p>\t\t\t\t\t\t\t\t<\/div>\n\t\t\t\t<\/div>\n\t\t\t\t\t<\/div>\n\t\t\t\t<\/div>\n\t\t<div class=\"elementor-element elementor-element-88e60b2 e-flex e-con-boxed e-con e-parent\" data-id=\"88e60b2\" data-element_type=\"container\" data-e-type=\"container\">\n\t\t\t\t\t<div class=\"e-con-inner\">\n\t\t\t\t<div class=\"elementor-element elementor-element-11976f8 elementor-widget elementor-widget-button\" data-id=\"11976f8\" data-element_type=\"widget\" data-e-type=\"widget\" data-widget_type=\"button.default\">\n\t\t\t\t<div class=\"elementor-widget-container\">\n\t\t\t\t\t\t\t\t\t<div class=\"elementor-button-wrapper\">\n\t\t\t\t\t<a class=\"elementor-button elementor-button-link elementor-size-sm\" href=\"http:\/\/enaip.it\/wp-content\/uploads\/2026\/03\/programma_eza-2026-web.pdf\">\n\t\t\t\t\t\t<span class=\"elementor-button-content-wrapper\">\n\t\t\t\t\t\t\t\t\t<span class=\"elementor-button-text\">leggi qui il PROGRAMMA COMPLETO<\/span>\n\t\t\t\t\t<\/span>\n\t\t\t\t\t<\/a>\n\t\t\t\t<\/div>\n\t\t\t\t\t\t\t\t<\/div>\n\t\t\t\t<\/div>\n\t\t\t\t\t<\/div>\n\t\t\t\t<\/div>\n\t\t\t\t<\/div>\n\t\t","protected":false},"excerpt":{"rendered":"<p>Si rinnova anche per quest&#8217;anno, la partecipazione di ENAIP Nazionale alla preparazione e organizzazione del seminario internazionale EZA con ACLI [&hellip;]<\/p>\n","protected":false},"author":2,"featured_media":0,"comment_status":"closed","ping_status":"closed","sticky":false,"template":"","format":"standard","meta":{"site-sidebar-layout":"default","site-content-layout":"","ast-site-content-layout":"","site-content-style":"default","site-sidebar-style":"default","ast-global-header-display":"","ast-banner-title-visibility":"","ast-main-header-display":"","ast-hfb-above-header-display":"","ast-hfb-below-header-display":"","ast-hfb-mobile-header-display":"","site-post-title":"","ast-breadcrumbs-content":"","ast-featured-img":"","footer-sml-layout":"","theme-transparent-header-meta":"","adv-header-id-meta":"","stick-header-meta":"","header-above-stick-meta":"","header-main-stick-meta":"","header-below-stick-meta":"","astra-migrate-meta-layouts":"default","ast-page-background-enabled":"default","ast-page-background-meta":{"desktop":{"background-color":"var(--ast-global-color-4)","background-image":"","background-repeat":"repeat","background-position":"center center","background-size":"auto","background-attachment":"scroll","background-type":"","background-media":"","overlay-type":"","overlay-color":"","overlay-opacity":"","overlay-gradient":""},"tablet":{"background-color":"","background-image":"","background-repeat":"repeat","background-position":"center center","background-size":"auto","background-attachment":"scroll","background-type":"","background-media":"","overlay-type":"","overlay-color":"","overlay-opacity":"","overlay-gradient":""},"mobile":{"background-color":"","background-image":"","background-repeat":"repeat","background-position":"center center","background-size":"auto","background-attachment":"scroll","background-type":"","background-media":"","overlay-type":"","overlay-color":"","overlay-opacity":"","overlay-gradient":""}},"ast-content-background-meta":{"desktop":{"background-color":"var(--ast-global-color-5)","background-image":"","background-repeat":"repeat","background-position":"center center","background-size":"auto","background-attachment":"scroll","background-type":"","background-media":"","overlay-type":"","overlay-color":"","overlay-opacity":"","overlay-gradient":""},"tablet":{"background-color":"var(--ast-global-color-5)","background-image":"","background-repeat":"repeat","background-position":"center center","background-size":"auto","background-attachment":"scroll","background-type":"","background-media":"","overlay-type":"","overlay-color":"","overlay-opacity":"","overlay-gradient":""},"mobile":{"background-color":"var(--ast-global-color-5)","background-image":"","background-repeat":"repeat","background-position":"center center","background-size":"auto","background-attachment":"scroll","background-type":"","background-media":"","overlay-type":"","overlay-color":"","overlay-opacity":"","overlay-gradient":""}},"footnotes":""},"categories":[7,44],"tags":[],"class_list":["post-3409","post","type-post","status-publish","format-standard","hentry","category-eventi","category-news"],"rttpg_featured_image_url":null,"rttpg_author":{"display_name":"Irene Bertucci","author_link":"https:\/\/enaip.it\/?author=2"},"rttpg_comment":0,"rttpg_category":"<a href=\"https:\/\/enaip.it\/?cat=7\" rel=\"category\">Eventi<\/a> <a href=\"https:\/\/enaip.it\/?cat=44\" rel=\"category\">News<\/a>","rttpg_excerpt":"Si rinnova anche per quest&#8217;anno, la partecipazione di ENAIP Nazionale alla preparazione e organizzazione del seminario internazionale EZA con ACLI [&hellip;]","_links":{"self":[{"href":"https:\/\/enaip.it\/index.php?rest_route=\/wp\/v2\/posts\/3409","targetHints":{"allow":["GET"]}}],"collection":[{"href":"https:\/\/enaip.it\/index.php?rest_route=\/wp\/v2\/posts"}],"about":[{"href":"https:\/\/enaip.it\/index.php?rest_route=\/wp\/v2\/types\/post"}],"author":[{"embeddable":true,"href":"https:\/\/enaip.it\/index.php?rest_route=\/wp\/v2\/users\/2"}],"replies":[{"embeddable":true,"href":"https:\/\/enaip.it\/index.php?rest_route=%2Fwp%2Fv2%2Fcomments&post=3409"}],"version-history":[{"count":10,"href":"https:\/\/enaip.it\/index.php?rest_route=\/wp\/v2\/posts\/3409\/revisions"}],"predecessor-version":[{"id":3430,"href":"https:\/\/enaip.it\/index.php?rest_route=\/wp\/v2\/posts\/3409\/revisions\/3430"}],"wp:attachment":[{"href":"https:\/\/enaip.it\/index.php?rest_route=%2Fwp%2Fv2%2Fmedia&parent=3409"}],"wp:term":[{"taxonomy":"category","embeddable":true,"href":"https:\/\/enaip.it\/index.php?rest_route=%2Fwp%2Fv2%2Fcategories&post=3409"},{"taxonomy":"post_tag","embeddable":true,"href":"https:\/\/enaip.it\/index.php?rest_route=%2Fwp%2Fv2%2Ftags&post=3409"}],"curies":[{"name":"wp","href":"https:\/\/api.w.org\/{rel}","templated":true}]}}